[{"@context":"https:\/\/schema.org\/","@type":"Article","@id":"https:\/\/www.mhv.sk\/matrac-s-pamatou\/#Article","mainEntityOfPage":"https:\/\/www.mhv.sk\/matrac-s-pamatou\/","headline":"Matrac s pam\u00e4\u0165ou","name":"Matrac s pam\u00e4\u0165ou","description":"Niektor\u00ed \u013eudia si vyberaj\u00fa matrac len tak ledabolo. To v\u0161ak rozhodne netreba robi\u0165 len takto. Matrac je d\u00f4le\u017eitou s\u00fa\u010das\u0165ou va\u0161ej postele a mal by by\u0165 podstatnou s\u00fa\u010das\u0165ou aj v\u00e1\u0161ho \u017eivota. [&hellip;]","datePublished":"2020-11-22","dateModified":"2023-04-27","author":{"@type":"Person","@id":"https:\/\/www.mhv.sk\/author\/#Person","name":"","url":"https:\/\/www.mhv.sk\/author\/","identifier":1,"image":{"@type":"ImageObject","@id":"https:\/\/secure.gravatar.com\/avatar\/d2f205e1507a0401c7d467d32c87ccece0f63a45b81075bb691dbe8d4c823787?s=96&d=mm&r=g","url":"https:\/\/secure.gravatar.com\/avatar\/d2f205e1507a0401c7d467d32c87ccece0f63a45b81075bb691dbe8d4c823787?s=96&d=mm&r=g","height":96,"width":96}},"publisher":{"@type":"Organization","name":"mhv.sk","logo":{"@type":"ImageObject","@id":"\/logo.png","url":"\/logo.png","width":600,"height":60}},"image":{"@type":"ImageObject","@id":"https:\/\/www.mhv.sk\/wp-content\/uploads\/springs-4658391_1920.jpg","url":"https:\/\/www.mhv.sk\/wp-content\/uploads\/springs-4658391_1920.jpg","height":0,"width":0},"url":"https:\/\/www.mhv.sk\/matrac-s-pamatou\/","about":["Tovar"],"wordCount":400,"articleBody":"          Niektor\u00ed \u013eudia si vyberaj\u00fa matrac len tak ledabolo. To v\u0161ak rozhodne netreba robi\u0165 len takto. Matrac je d\u00f4le\u017eitou s\u00fa\u010das\u0165ou va\u0161ej postele a mal by by\u0165 podstatnou s\u00fa\u010das\u0165ou aj v\u00e1\u0161ho \u017eivota. Preto\u017ee len vtedy, ke\u010f budete ma\u0165 kvalitn\u00fd matrac, tak budete ma\u0165 aj kvalitn\u00fd sp\u00e1nok. Matrace nie s\u00fa len na to, aby ste sa vyspali. Hocijako, ale vyspali. Matrace s\u00fa podstatn\u00e9. Z\u00e1le\u017e\u00ed od nich kvalita v\u00e1\u0161ho sp\u00e1nku. Chrbty niektor\u00fdch \u013eud\u00ed potrebuj\u00fa \u0161peci\u00e1lne matrace a niektor\u00ed by si zas mohli vybra\u0165 ak\u00fdko\u013evek matrac a vykonal by rovnak\u00fa slu\u017ebu ako ten, \u010do maj\u00fa aj aktu\u00e1lne. Tak ako sme ka\u017ed\u00fd \u010dlovek in\u00fd, tak aj matrac mus\u00ed by\u0165 pre n\u00e1s stavan\u00fd priamo na mieru a prisp\u00f4soben\u00fd na na\u0161e aktu\u00e1lne potreby.Matrace s pam\u00e4\u0165ovou penou https:\/\/www.segum.sk\/produkty\/matrace\/memory-pena s\u00fa pre v\u00e1s ako stvoren\u00e9. Materi\u00e1l, z ktor\u00e9ho s\u00fa stvoren\u00e9 sa vol\u00e1 viscoelastick\u00e1 pena, ale sk\u00f4r ju pozn\u00e1te pod n\u00e1zvom Memory pena. Napr\u00edklad aj v tak\u00fdch reklam\u00e1ch sme u\u017e mohli po\u010du\u0165 v\u00fdraz pam\u00e4\u0165ov\u00e1 pena. Neznamen\u00e1, \u017ee si nav\u017edy zapam\u00e4t\u00e1 ako le\u017e\u00edte, ale v danom momente sa prisp\u00f4sob\u00ed v\u00e1\u0161mu telu v takej polohe v akej akur\u00e1t le\u017e\u00edte. Nebude v\u00e1s tla\u010di\u0165 alebo n\u00fati\u0165 do inej polohy ne\u017e ak\u00fa ste si vybrali. Je v\u00fdbornou oporou pr\u00e1ve pre chrbticu, ktor\u00e1 sa m\u00f4\u017ee s\u00edce javi\u0165 ako pevne dan\u00fd org\u00e1n, ale ona je sama o sebe dos\u0165 pohybliv\u00e1 a potrebuje oporu najm\u00e4 vtedy, ke\u010f vy oddychujete.\u010c\u00edm je e\u0161te tak\u00fd v\u00fdnimo\u010dn\u00fd? Aj keby v\u00e1s nie\u010do nebodaj bolelo, tak k v\u00e1m bude tento matrac ve\u013emi \u0161etrn\u00fd a nebude vytv\u00e1ra\u0165 \u017eiadny tlak na va\u0161e telo na rozdiel od in\u00fdch matracov. Vybra\u0165 si m\u00f4\u017eete matrac v cenovej rel\u00e1cii od 200 eur a\u017e do takmer 1000 eur, pri\u010dom v\u00e4\u010d\u0161inu z t\u00fdchto matracov m\u00f4\u017eete n\u00e1js\u0165 v tomto obdob\u00ed aj v celkom v\u00fdhodn\u00fdch z\u013eav\u00e1ch, pre ktor\u00e9 sa oplat\u00ed aspo\u0148 zauva\u017eova\u0165 o tom, \u017ee by ste si vybrali pr\u00e1ve tento matrac za ten svoj. Cena sa potom e\u0161te odv\u00edja od dan\u00e9ho po\u0165ahu, ktor\u00fd si vyberiete na matrac.                                                                                                                                                                                                                                                                                                                                                                                          4\/5 - (12 votes)        "},{"@context":"https:\/\/schema.org\/","@type":"BreadcrumbList","itemListElement":[{"@type":"ListItem","position":1,"name":"Matrac s pam\u00e4\u0165ou","item":"https:\/\/www.mhv.sk\/matrac-s-pamatou\/#breadcrumbitem"}]}]