[{"@context":"https:\/\/schema.org\/","@type":"Article","@id":"https:\/\/www.mhv.sk\/netlacte-svoje-deti-do-skoly\/#Article","mainEntityOfPage":"https:\/\/www.mhv.sk\/netlacte-svoje-deti-do-skoly\/","headline":"Netla\u010dte svoje deti do \u0161koly","name":"Netla\u010dte svoje deti do \u0161koly","description":"Ka\u017ed\u00fd \u010dlovek sa sna\u017e\u00ed do bud\u00facna pripravi\u0165 \u010do najlep\u0161ie. \u010co v\u0161ak plat\u00ed bez rozdielu je fakt, \u017ee namiesto det\u00ed musia o\u00a0ich nasledovan\u00ed rozhodova\u0165 rodi\u010dia. Mus\u00edme teda h\u013eadie\u0165 aj na to, [&hellip;]","datePublished":"2018-12-24","dateModified":"2023-04-27","author":{"@type":"Person","@id":"https:\/\/www.mhv.sk\/author\/#Person","name":"","url":"https:\/\/www.mhv.sk\/author\/","identifier":1,"image":{"@type":"ImageObject","@id":"https:\/\/secure.gravatar.com\/avatar\/d2f205e1507a0401c7d467d32c87ccece0f63a45b81075bb691dbe8d4c823787?s=96&d=mm&r=g","url":"https:\/\/secure.gravatar.com\/avatar\/d2f205e1507a0401c7d467d32c87ccece0f63a45b81075bb691dbe8d4c823787?s=96&d=mm&r=g","height":96,"width":96}},"publisher":{"@type":"Organization","name":"mhv.sk","logo":{"@type":"ImageObject","@id":"\/logo.png","url":"\/logo.png","width":600,"height":60}},"image":{"@type":"ImageObject","@id":"https:\/\/www.mhv.sk\/wp-content\/uploads\/img_a297346_w16655_t1551018355.jpg","url":"https:\/\/www.mhv.sk\/wp-content\/uploads\/img_a297346_w16655_t1551018355.jpg","height":0,"width":0},"url":"https:\/\/www.mhv.sk\/netlacte-svoje-deti-do-skoly\/","about":["Vzdelanie"],"wordCount":466,"articleBody":"Ka\u017ed\u00fd \u010dlovek sa sna\u017e\u00ed do bud\u00facna pripravi\u0165 \u010do najlep\u0161ie. \u010co v\u0161ak plat\u00ed bez rozdielu je fakt, \u017ee namiesto det\u00ed musia o\u00a0ich nasledovan\u00ed rozhodova\u0165 rodi\u010dia. Mus\u00edme teda h\u013eadie\u0165 aj na to, \u017ee sa neraz dost\u00e1vaj\u00fa do konflikty dve povahy, ktor\u00e9 nie s\u00fa svoj\u00edm vekom a\u00a0re\u0161pektom rovnak\u00e9. Deti na rozdiel od rodi\u010dov nemaj\u00fa dostatok sk\u00fasenost\u00ed a\u00a0ani m\u00fadrosti, ktor\u00e9 s\u00fa nutn\u00e9 na pre\u017eitie. Rodi\u010dia naopak rozm\u00fd\u0161\u013eaj\u00fa nieko\u013eko smerov naraz a\u00a0ich deti s\u00fa pre nich hlavne invest\u00edciou, rovnako ako ich detstvo, ktor\u00e9 sa neraz obetuje v\u00a0prospech \u0161koly a\u00a0vzdelania.Stres a\u00a0n\u00e1tlakTakto to vidia deti, ktor\u00e9 sa neraz musia prisp\u00f4sobi\u0165 nadvl\u00e1de rodi\u010dov. T\u00ed si \u010dasto ne\u017eelaj\u00fa rovnak\u00fa cestu pre die\u0165a, ak\u00fa si oni vyber\u00fa. V\u00a0rozhodovan\u00ed o stredn\u00fa \u0161kolu a\u00a0ich bud\u00face p\u00f4sobenie mlad\u00ed \u013eudia a\u0161piruj\u00fa na poz\u00edciu, ktor\u00e1 je im najbli\u017e\u0161ia, alebo ktor\u00fdm \u0161kol\u00e1m d\u00e1vaj\u00fa prednos\u0165 ich kamar\u00e1ti. Ak v\u0161ak rodi\u010dia tla\u010dia na svoje ratolesti, kv\u00f4li nedostato\u010dn\u00fdm v\u00fdkonom a\u00a0o\u010dak\u00e1vaj\u00fa od nich okam\u017eit\u00fa zmenu, ke\u010f nast\u00fapia na stredn\u00fa, deti nedok\u00e1\u017eu zv\u00fd\u0161i\u0165 svoj v\u00fdkon. Viete teda, kedy m\u00e1 va\u0161e die\u0165a dos\u0165? Bohu\u017eia\u013e, sam\u00e9 deti sa \u010dasto nepriznaj\u00fa k\u00a0tomu, \u017ee u\u017e nevl\u00e1dzu. Rodi\u010dia si preto vysvet\u013euj\u00fa ich chv\u00ed\u013ekov\u00e9 stresy a\u00a0\u00fanavu ako be\u017en\u00fa s\u00fa\u010das\u0165 ich pr\u00edpravy do \u0161koly.Chceli by ste to rovnako?T\u00fato ot\u00e1zku si mus\u00edte kl\u00e1s\u0165 zaka\u017ed\u00fdm, ak sa budete rozhodova\u0165 za svoje die\u0165a. Prirodzene by ste nechceli, aby v\u00e1m niekto vybral gymn\u00e1zium, ak va\u0161e sny smeruj\u00fa niekam inam. Treba si uvedomi\u0165, \u017ee \u017eiadna \u0161kola, ani stredn\u00e1 a\u00a0ani vysok\u00e1, nevytv\u00e1ra pre va\u0161e die\u0165a stabiln\u00e9 a\u00a0zaru\u010den\u00e9 pracovn\u00e9 miesto. V\u00a0dne\u0161nej dobe, kedy je v\u0161etko nejasn\u00e9 a\u00a0viac ako krehk\u00e9, to nie je mo\u017en\u00e9. Preto netreba kl\u00e1s\u0165 zbyto\u010dn\u00fa v\u00e1\u017enos\u0165 veciam, ktor\u00e9 sa do bud\u00facna nemusia zhodova\u0165 s\u00a0pokro\u010den\u00edm doby. Ak chcete svojim de\u0165om nie\u010do zaru\u010di\u0165, za\u010dnite od seba. Investujte, k\u00fapte nehnute\u013enos\u0165 alebo za\u010dnite podnika\u0165. Takto to bude aspo\u0148 vyv\u00e1\u017eenej\u0161ie.Ako sa to prejavuje?Stres a\u00a0za\u010d\u00ednaj\u00faca \u00fazkos\u0165 zo \u0161koly a\u00a0strach zo splnenia rodi\u010dovsk\u00fdch snov vyvol\u00e1va u\u00a0nejedn\u00e9ho mlad\u00e9ho \u010dloveka psychologick\u00e9 probl\u00e9my. Aj ten najvzornej\u0161\u00ed \u017eiak je pod st\u00e1lou pa\u013ebou stresu, ke\u010f\u017ee nie je e\u0161te dospel\u00fdm a\u00a0nem\u00e1 rovnak\u00e9 psychick\u00e9 a\u00a0fyzick\u00e9 schopnosti. Preto myslite na svoje deti a\u00a0ich krehkos\u0165, na ktor\u00fa ste kv\u00f4li puberte zabudli.                                                                                                                                                                                                                                                                                                                                                                                        3.7\/5 - (8 votes)        "},{"@context":"https:\/\/schema.org\/","@type":"BreadcrumbList","itemListElement":[{"@type":"ListItem","position":1,"name":"Netla\u010dte svoje deti do \u0161koly","item":"https:\/\/www.mhv.sk\/netlacte-svoje-deti-do-skoly\/#breadcrumbitem"}]}]