[{"@context":"https:\/\/schema.org\/","@type":"Blog","@id":"https:\/\/www.mhv.sk#Blog","headline":"Mhv","description":"\nPR \u010dl\u00e1nky patria k reklam\u00e1m, ktor\u00e9 firmy a jednotlivci pou\u017e\u00edvaj\u00fa naj\u010dastej\u0161ie. D\u00f4le\u017eit\u00e9 je ma\u0165 mo\u017enos\u0165 PR \u010dl\u00e1nky publikova\u0165 na vhodnom mieste. M\u00f4\u017eete k tomu vyu\u017ei\u0165 online magaz\u00edn, v ktorom je pestr\u00fd v\u00fdber \u010dl\u00e1nkov a m\u00f4\u017eu tu by\u0165 aj tie va\u0161e.","url":"https:\/\/www.mhv.sk","hasPart":[{"@type":"Article","@id":"https:\/\/www.mhv.sk\/ach-ta-ludska-nenasytnost\/","headline":"Ach, t\u00e1 \u013eudsk\u00e1 nen\u00e1sytnos\u0165","url":"https:\/\/www.mhv.sk\/ach-ta-ludska-nenasytnost\/","datePublished":"2019-02-25","dateModified":"2023-04-27","mainEntityOfPage":"https:\/\/www.mhv.sk\/ach-ta-ludska-nenasytnost\/","author":{"@type":"Person","@id":"https:\/\/www.mhv.sk\/author\/#Person","name":"","url":"https:\/\/www.mhv.sk\/author\/","identifier":1,"image":{"@type":"ImageObject","@id":"https:\/\/secure.gravatar.com\/avatar\/d2f205e1507a0401c7d467d32c87ccece0f63a45b81075bb691dbe8d4c823787?s=96&d=mm&r=g","url":"https:\/\/secure.gravatar.com\/avatar\/d2f205e1507a0401c7d467d32c87ccece0f63a45b81075bb691dbe8d4c823787?s=96&d=mm&r=g","height":96,"width":96}},"publisher":{"@type":"Organization","name":"mhv.sk","logo":{"@type":"ImageObject","@id":"\/logo.png","url":"\/logo.png","width":600,"height":60}},"image":{"@type":"ImageObject","@id":"https:\/\/www.mhv.sk\/wp-content\/uploads\/img_a297120_w16517_t1550760415.jpg","url":"https:\/\/www.mhv.sk\/wp-content\/uploads\/img_a297120_w16517_t1550760415.jpg","height":0,"width":0},"wordCount":538,"keywords":null},{"@type":"Article","@id":"https:\/\/www.mhv.sk\/nove-pravidla-o-autorskych-pravach-su-transatlantickou-obchodnou-vojnou\/","headline":"Nov\u00e9 pravidl\u00e1 o autorsk\u00fdch pr\u00e1vach s\u00fa transatlantickou obchodnou vojnou","url":"https:\/\/www.mhv.sk\/nove-pravidla-o-autorskych-pravach-su-transatlantickou-obchodnou-vojnou\/","datePublished":"2019-02-18","dateModified":"2023-04-27","mainEntityOfPage":"https:\/\/www.mhv.sk\/nove-pravidla-o-autorskych-pravach-su-transatlantickou-obchodnou-vojnou\/","author":{"@type":"Person","@id":"https:\/\/www.mhv.sk\/author\/#Person","name":"","url":"https:\/\/www.mhv.sk\/author\/","identifier":1,"image":{"@type":"ImageObject","@id":"https:\/\/secure.gravatar.com\/avatar\/d2f205e1507a0401c7d467d32c87ccece0f63a45b81075bb691dbe8d4c823787?s=96&d=mm&r=g","url":"https:\/\/secure.gravatar.com\/avatar\/d2f205e1507a0401c7d467d32c87ccece0f63a45b81075bb691dbe8d4c823787?s=96&d=mm&r=g","height":96,"width":96}},"publisher":{"@type":"Organization","name":"mhv.sk","logo":{"@type":"ImageObject","@id":"\/logo.png","url":"\/logo.png","width":600,"height":60}},"image":{"@type":"ImageObject","@id":"https:\/\/www.mhv.sk\/wp-content\/uploads\/img_a299480_w16655_t1555580332.jpg","url":"https:\/\/www.mhv.sk\/wp-content\/uploads\/img_a299480_w16655_t1555580332.jpg","height":0,"width":0},"wordCount":561,"keywords":null},{"@type":"Article","@id":"https:\/\/www.mhv.sk\/10-kuskov-oblecenia-ktore-musite-mat-v-skrini\/","headline":"10 k\u00faskov oble\u010denia, ktor\u00e9 mus\u00edte ma\u0165 v skrini","url":"https:\/\/www.mhv.sk\/10-kuskov-oblecenia-ktore-musite-mat-v-skrini\/","datePublished":"2019-02-17","dateModified":"2023-04-27","mainEntityOfPage":"https:\/\/www.mhv.sk\/10-kuskov-oblecenia-ktore-musite-mat-v-skrini\/","author":{"@type":"Person","@id":"https:\/\/www.mhv.sk\/author\/#Person","name":"","url":"https:\/\/www.mhv.sk\/author\/","identifier":1,"image":{"@type":"ImageObject","@id":"https:\/\/secure.gravatar.com\/avatar\/d2f205e1507a0401c7d467d32c87ccece0f63a45b81075bb691dbe8d4c823787?s=96&d=mm&r=g","url":"https:\/\/secure.gravatar.com\/avatar\/d2f205e1507a0401c7d467d32c87ccece0f63a45b81075bb691dbe8d4c823787?s=96&d=mm&r=g","height":96,"width":96}},"publisher":{"@type":"Organization","name":"mhv.sk","logo":{"@type":"ImageObject","@id":"\/logo.png","url":"\/logo.png","width":600,"height":60}},"image":{"@type":"ImageObject","@id":"https:\/\/www.mhv.sk\/wp-content\/uploads\/img_a299415_w16655_t1555511821.jpg","url":"https:\/\/www.mhv.sk\/wp-content\/uploads\/img_a299415_w16655_t1555511821.jpg","height":0,"width":0},"wordCount":751,"keywords":null},{"@type":"Article","@id":"https:\/\/www.mhv.sk\/naucte-sa-oslovit-svoju-cielovu-skupinu-pomocou-weboveho-obsahu\/","headline":"Nau\u010dte sa oslovi\u0165 svoju cie\u013eov\u00fa skupinu pomocou webov\u00e9ho obsahu","url":"https:\/\/www.mhv.sk\/naucte-sa-oslovit-svoju-cielovu-skupinu-pomocou-weboveho-obsahu\/","datePublished":"2019-02-16","dateModified":"2023-04-27","mainEntityOfPage":"https:\/\/www.mhv.sk\/naucte-sa-oslovit-svoju-cielovu-skupinu-pomocou-weboveho-obsahu\/","author":{"@type":"Person","@id":"https:\/\/www.mhv.sk\/author\/#Person","name":"","url":"https:\/\/www.mhv.sk\/author\/","identifier":1,"image":{"@type":"ImageObject","@id":"https:\/\/secure.gravatar.com\/avatar\/d2f205e1507a0401c7d467d32c87ccece0f63a45b81075bb691dbe8d4c823787?s=96&d=mm&r=g","url":"https:\/\/secure.gravatar.com\/avatar\/d2f205e1507a0401c7d467d32c87ccece0f63a45b81075bb691dbe8d4c823787?s=96&d=mm&r=g","height":96,"width":96}},"publisher":{"@type":"Organization","name":"mhv.sk","logo":{"@type":"ImageObject","@id":"\/logo.png","url":"\/logo.png","width":600,"height":60}},"image":{"@type":"ImageObject","@id":"https:\/\/www.mhv.sk\/wp-content\/uploads\/img_a299342_w16655_t1555428087.jpg","url":"https:\/\/www.mhv.sk\/wp-content\/uploads\/img_a299342_w16655_t1555428087.jpg","height":0,"width":0},"wordCount":458,"keywords":null},{"@type":"Article","@id":"https:\/\/www.mhv.sk\/nosenie-reflexnych-prvkov-viete-ich-nosit-spravne\/","headline":"Nosenie reflexn\u00fdch prvkov \u2013 viete ich nosi\u0165 spr\u00e1vne?","url":"https:\/\/www.mhv.sk\/nosenie-reflexnych-prvkov-viete-ich-nosit-spravne\/","datePublished":"2019-02-16","dateModified":"2023-04-27","mainEntityOfPage":"https:\/\/www.mhv.sk\/nosenie-reflexnych-prvkov-viete-ich-nosit-spravne\/","author":{"@type":"Person","@id":"https:\/\/www.mhv.sk\/author\/#Person","name":"","url":"https:\/\/www.mhv.sk\/author\/","identifier":1,"image":{"@type":"ImageObject","@id":"https:\/\/secure.gravatar.com\/avatar\/d2f205e1507a0401c7d467d32c87ccece0f63a45b81075bb691dbe8d4c823787?s=96&d=mm&r=g","url":"https:\/\/secure.gravatar.com\/avatar\/d2f205e1507a0401c7d467d32c87ccece0f63a45b81075bb691dbe8d4c823787?s=96&d=mm&r=g","height":96,"width":96}},"publisher":{"@type":"Organization","name":"mhv.sk","logo":{"@type":"ImageObject","@id":"\/logo.png","url":"\/logo.png","width":600,"height":60}},"image":{"@type":"ImageObject","@id":"https:\/\/www.mhv.sk\/wp-content\/uploads\/img_a296914_w16655_t1550213440.jpg","url":"https:\/\/www.mhv.sk\/wp-content\/uploads\/img_a296914_w16655_t1550213440.jpg","height":0,"width":0},"wordCount":610,"keywords":null},{"@type":"Article","@id":"https:\/\/www.mhv.sk\/certifikaty-kozmetiky-netestovanej-na-zvieratach\/","headline":"Certifik\u00e1ty kozmetiky netestovanej na zvierat\u00e1ch","url":"https:\/\/www.mhv.sk\/certifikaty-kozmetiky-netestovanej-na-zvieratach\/","datePublished":"2019-02-13","dateModified":"2023-04-27","mainEntityOfPage":"https:\/\/www.mhv.sk\/certifikaty-kozmetiky-netestovanej-na-zvieratach\/","author":{"@type":"Person","@id":"https:\/\/www.mhv.sk\/author\/#Person","name":"","url":"https:\/\/www.mhv.sk\/author\/","identifier":1,"image":{"@type":"ImageObject","@id":"https:\/\/secure.gravatar.com\/avatar\/d2f205e1507a0401c7d467d32c87ccece0f63a45b81075bb691dbe8d4c823787?s=96&d=mm&r=g","url":"https:\/\/secure.gravatar.com\/avatar\/d2f205e1507a0401c7d467d32c87ccece0f63a45b81075bb691dbe8d4c823787?s=96&d=mm&r=g","height":96,"width":96}},"publisher":{"@type":"Organization","name":"mhv.sk","logo":{"@type":"ImageObject","@id":"\/logo.png","url":"\/logo.png","width":600,"height":60}},"image":{"@type":"ImageObject","@id":"https:\/\/www.mhv.sk\/wp-content\/uploads\/img_a296889_w16655_t1550164428.jpg","url":"https:\/\/www.mhv.sk\/wp-content\/uploads\/img_a296889_w16655_t1550164428.jpg","height":0,"width":0},"wordCount":473,"keywords":null},{"@type":"Article","@id":"https:\/\/www.mhv.sk\/co-robit-s-rozrusenym-dietatom-4-upokojujuce-prostriedky-pre-deti\/","headline":"\u010co robi\u0165 s rozru\u0161en\u00fdm die\u0165a\u0165om? 4 upokojuj\u00face prostriedky pre deti","url":"https:\/\/www.mhv.sk\/co-robit-s-rozrusenym-dietatom-4-upokojujuce-prostriedky-pre-deti\/","datePublished":"2019-02-04","dateModified":"2023-04-27","mainEntityOfPage":"https:\/\/www.mhv.sk\/co-robit-s-rozrusenym-dietatom-4-upokojujuce-prostriedky-pre-deti\/","author":{"@type":"Person","@id":"https:\/\/www.mhv.sk\/author\/#Person","name":"","url":"https:\/\/www.mhv.sk\/author\/","identifier":1,"image":{"@type":"ImageObject","@id":"https:\/\/secure.gravatar.com\/avatar\/d2f205e1507a0401c7d467d32c87ccece0f63a45b81075bb691dbe8d4c823787?s=96&d=mm&r=g","url":"https:\/\/secure.gravatar.com\/avatar\/d2f205e1507a0401c7d467d32c87ccece0f63a45b81075bb691dbe8d4c823787?s=96&d=mm&r=g","height":96,"width":96}},"publisher":{"@type":"Organization","name":"mhv.sk","logo":{"@type":"ImageObject","@id":"\/logo.png","url":"\/logo.png","width":600,"height":60}},"image":{"@type":"ImageObject","@id":"https:\/\/www.mhv.sk\/wp-content\/uploads\/img_a296533_w16655_t1549557716.jpg","url":"https:\/\/www.mhv.sk\/wp-content\/uploads\/img_a296533_w16655_t1549557716.jpg","height":0,"width":0},"wordCount":508,"keywords":null},{"@type":"Article","@id":"https:\/\/www.mhv.sk\/viete-ktore-farbiva-v-potravinach-su-v-skutocnosti-zdrave\/","headline":"Viete ktor\u00e9 farbiv\u00e1 v potravin\u00e1ch s\u00fa v skuto\u010dnosti zdrav\u00e9?","url":"https:\/\/www.mhv.sk\/viete-ktore-farbiva-v-potravinach-su-v-skutocnosti-zdrave\/","datePublished":"2019-01-31","dateModified":"2023-04-27","mainEntityOfPage":"https:\/\/www.mhv.sk\/viete-ktore-farbiva-v-potravinach-su-v-skutocnosti-zdrave\/","author":{"@type":"Person","@id":"https:\/\/www.mhv.sk\/author\/#Person","name":"","url":"https:\/\/www.mhv.sk\/author\/","identifier":1,"image":{"@type":"ImageObject","@id":"https:\/\/secure.gravatar.com\/avatar\/d2f205e1507a0401c7d467d32c87ccece0f63a45b81075bb691dbe8d4c823787?s=96&d=mm&r=g","url":"https:\/\/secure.gravatar.com\/avatar\/d2f205e1507a0401c7d467d32c87ccece0f63a45b81075bb691dbe8d4c823787?s=96&d=mm&r=g","height":96,"width":96}},"publisher":{"@type":"Organization","name":"mhv.sk","logo":{"@type":"ImageObject","@id":"\/logo.png","url":"\/logo.png","width":600,"height":60}},"image":{"@type":"ImageObject","@id":"https:\/\/www.mhv.sk\/wp-content\/uploads\/img_a299061_w16655_t1554040011.jpg","url":"https:\/\/www.mhv.sk\/wp-content\/uploads\/img_a299061_w16655_t1554040011.jpg","height":0,"width":0},"wordCount":495,"keywords":null},{"@type":"Article","@id":"https:\/\/www.mhv.sk\/vzdelavanim-proti-alzheimerovej-chorobe\/","headline":"Vzdel\u00e1van\u00edm proti Alzheimerovej chorobe","url":"https:\/\/www.mhv.sk\/vzdelavanim-proti-alzheimerovej-chorobe\/","datePublished":"2019-01-29","dateModified":"2023-04-27","mainEntityOfPage":"https:\/\/www.mhv.sk\/vzdelavanim-proti-alzheimerovej-chorobe\/","author":{"@type":"Person","@id":"https:\/\/www.mhv.sk\/author\/#Person","name":"","url":"https:\/\/www.mhv.sk\/author\/","identifier":1,"image":{"@type":"ImageObject","@id":"https:\/\/secure.gravatar.com\/avatar\/d2f205e1507a0401c7d467d32c87ccece0f63a45b81075bb691dbe8d4c823787?s=96&d=mm&r=g","url":"https:\/\/secure.gravatar.com\/avatar\/d2f205e1507a0401c7d467d32c87ccece0f63a45b81075bb691dbe8d4c823787?s=96&d=mm&r=g","height":96,"width":96}},"publisher":{"@type":"Organization","name":"mhv.sk","logo":{"@type":"ImageObject","@id":"\/logo.png","url":"\/logo.png","width":600,"height":60}},"image":{"@type":"ImageObject","@id":"https:\/\/www.mhv.sk\/wp-content\/uploads\/img_a298977_w16655_t1553885089.jpg","url":"https:\/\/www.mhv.sk\/wp-content\/uploads\/img_a298977_w16655_t1553885089.jpg","height":0,"width":0},"wordCount":526,"keywords":null},{"@type":"Article","@id":"https:\/\/www.mhv.sk\/dovolenka-v-stane-dobry-napad\/","headline":"Dovolenka v stane? Dobr\u00fd n\u00e1pad!","url":"https:\/\/www.mhv.sk\/dovolenka-v-stane-dobry-napad\/","datePublished":"2019-01-28","dateModified":"2023-04-27","mainEntityOfPage":"https:\/\/www.mhv.sk\/dovolenka-v-stane-dobry-napad\/","author":{"@type":"Person","@id":"https:\/\/www.mhv.sk\/author\/#Person","name":"","url":"https:\/\/www.mhv.sk\/author\/","identifier":1,"image":{"@type":"ImageObject","@id":"https:\/\/secure.gravatar.com\/avatar\/d2f205e1507a0401c7d467d32c87ccece0f63a45b81075bb691dbe8d4c823787?s=96&d=mm&r=g","url":"https:\/\/secure.gravatar.com\/avatar\/d2f205e1507a0401c7d467d32c87ccece0f63a45b81075bb691dbe8d4c823787?s=96&d=mm&r=g","height":96,"width":96}},"publisher":{"@type":"Organization","name":"mhv.sk","logo":{"@type":"ImageObject","@id":"\/logo.png","url":"\/logo.png","width":600,"height":60}},"image":{"@type":"ImageObject","@id":"https:\/\/www.mhv.sk\/wp-content\/uploads\/img_a298735_w16655_t1553768536.jpg","url":"https:\/\/www.mhv.sk\/wp-content\/uploads\/img_a298735_w16655_t1553768536.jpg","height":0,"width":0},"wordCount":525,"keywords":null}]},{"@context":"https:\/\/schema.org","@type":"WebSite","@id":"https:\/\/www.mhv.sk\/#website","name":"Mhv","url":"https:\/\/www.mhv.sk","potentialAction":{"@type":"SearchAction","target":"https:\/\/www.mhv.sk\/?s={search_term_string}","query-input":"required name=search_term_string"}}]